{"id":597,"date":"2017-11-03T09:27:34","date_gmt":"2017-11-03T09:27:34","guid":{"rendered":"http:\/\/hanskoetter.de\/?p=597"},"modified":"2017-11-03T11:00:12","modified_gmt":"2017-11-03T11:00:12","slug":"vlklingen-an-der-saar","status":"publish","type":"post","link":"http:\/\/hanskoetter.de\/?p=597","title":{"rendered":"V&ouml;lklingen an der Saar"},"content":{"rendered":"<div class=\"postie-attachments\"><a href=\"http:\/\/hanskoetter.de\/?attachment_id=598\"><img decoding=\"async\" data-attachment-id=\"598\" data-permalink=\"http:\/\/hanskoetter.de\/?attachment_id=598\" data-orig-file=\"https:\/\/i0.wp.com\/hanskoetter.de\/wp-content\/uploads\/2017\/11\/20171103_101517_RichtoneHDR_resized.jpg?fit=1536%2C1152\" data-orig-size=\"1536,1152\" data-comments-opened=\"1\" data-image-meta=\"{&quot;aperture&quot;:&quot;0&quot;,&quot;credit&quot;:&quot;&quot;,&quot;camera&quot;:&quot;&quot;,&quot;caption&quot;:&quot;&quot;,&quot;created_timestamp&quot;:&quot;0&quot;,&quot;copyright&quot;:&quot;&quot;,&quot;focal_length&quot;:&quot;0&quot;,&quot;iso&quot;:&quot;0&quot;,&quot;shutter_speed&quot;:&quot;0&quot;,&quot;title&quot;:&quot;&quot;,&quot;orientation&quot;:&quot;0&quot;}\" data-image-title=\"20171103_101517_RichtoneHDR_resized\" data-image-description=\"\" data-image-caption=\"\" data-medium-file=\"https:\/\/i0.wp.com\/hanskoetter.de\/wp-content\/uploads\/2017\/11\/20171103_101517_RichtoneHDR_resized.jpg?fit=300%2C225\" data-large-file=\"https:\/\/i0.wp.com\/hanskoetter.de\/wp-content\/uploads\/2017\/11\/20171103_101517_RichtoneHDR_resized.jpg?fit=590%2C443\" tabindex=\"0\" role=\"button\" src=\"https:\/\/i0.wp.com\/hanskoetter.de\/wp-content\/uploads\/2017\/11\/20171103_101517_RichtoneHDR_resized.jpg?fit=300%2C225\" alt=\"\" width=\"300px\" height=\"225px\" class=\"alignnone size-medium wp-image-598\" srcset=\"https:\/\/i0.wp.com\/hanskoetter.de\/wp-content\/uploads\/2017\/11\/20171103_101517_RichtoneHDR_resized.jpg?w=1536 1536w, https:\/\/i0.wp.com\/hanskoetter.de\/wp-content\/uploads\/2017\/11\/20171103_101517_RichtoneHDR_resized.jpg?resize=300%2C225 300w, https:\/\/i0.wp.com\/hanskoetter.de\/wp-content\/uploads\/2017\/11\/20171103_101517_RichtoneHDR_resized.jpg?resize=768%2C576 768w, https:\/\/i0.wp.com\/hanskoetter.de\/wp-content\/uploads\/2017\/11\/20171103_101517_RichtoneHDR_resized.jpg?resize=1024%2C768 1024w, https:\/\/i0.wp.com\/hanskoetter.de\/wp-content\/uploads\/2017\/11\/20171103_101517_RichtoneHDR_resized.jpg?w=1180 1180w\" sizes=\"(max-width: 590px) 100vw, 590px\" \/><\/a>\n<\/div>\n<p>Alles geschafft!\u00a0<br \/>\nWir haben wieder 2 Jahre Ruhe mit unserem Wohnmobil.\u00a0<br \/>\nJetzt kann es wirklich los gehen.<br \/>\nDie beiden Feiertage haben wieder an der Saarschleife in Mettlach mit Fahrrad fahren verbracht um dann in Saarlouis unsere Gasabnahme und unsere T\u00dcV-Abnahme hinter uns zu bringen.\u00a0<br \/>\nVon da aus hie\u00df es dann letzte pers\u00f6nliche Vorbereitungen treffen und daf\u00fcr haben wir uns den Stellplatz am\u00a0<br \/>\nWeltkulturerbe V\u00f6lklinger H\u00fctte\u00a0<br \/>\nausgesucht. Eine enorme Anlage &#8211; sehenswert, wirklich sehenswert!\u00a0<\/p>\n","protected":false},"excerpt":{"rendered":"<p>Alles geschafft!\u00a0 Wir haben wieder 2 Jahre Ruhe mit unserem Wohnmobil.\u00a0 Jetzt kann es wirklich los gehen. Die beiden Feiertage haben wieder an der Saarschleife in Mettlach mit Fahrrad fahren verbracht um dann in Saarlouis unsere Gasabnahme und unsere T\u00dcV-Abnahme hinter uns zu bringen.\u00a0 Von da aus hie\u00df es dann letzte pers\u00f6nliche Vorbereitungen treffen und [&hellip;]<\/p>\n","protected":false},"author":1,"featured_media":598,"comment_status":"open","ping_status":"open","sticky":false,"template":"","format":"standard","meta":{"_jetpack_memberships_contains_paid_content":false,"footnotes":""},"categories":[3],"tags":[],"class_list":["post-597","post","type-post","status-publish","format-standard","has-post-thumbnail","hentry","category-reise-info"],"jetpack_sharing_enabled":true,"jetpack_featured_media_url":"https:\/\/i0.wp.com\/hanskoetter.de\/wp-content\/uploads\/2017\/11\/20171103_101517_RichtoneHDR_resized.jpg?fit=1536%2C1152","jetpack_shortlink":"https:\/\/wp.me\/p91k6F-9D","_links":{"self":[{"href":"http:\/\/hanskoetter.de\/index.php?rest_route=\/wp\/v2\/posts\/597"}],"collection":[{"href":"http:\/\/hanskoetter.de\/index.php?rest_route=\/wp\/v2\/posts"}],"about":[{"href":"http:\/\/hanskoetter.de\/index.php?rest_route=\/wp\/v2\/types\/post"}],"author":[{"embeddable":true,"href":"http:\/\/hanskoetter.de\/index.php?rest_route=\/wp\/v2\/users\/1"}],"replies":[{"embeddable":true,"href":"http:\/\/hanskoetter.de\/index.php?rest_route=%2Fwp%2Fv2%2Fcomments&post=597"}],"version-history":[{"count":0,"href":"http:\/\/hanskoetter.de\/index.php?rest_route=\/wp\/v2\/posts\/597\/revisions"}],"wp:featuredmedia":[{"embeddable":true,"href":"http:\/\/hanskoetter.de\/index.php?rest_route=\/wp\/v2\/media\/598"}],"wp:attachment":[{"href":"http:\/\/hanskoetter.de\/index.php?rest_route=%2Fwp%2Fv2%2Fmedia&parent=597"}],"wp:term":[{"taxonomy":"category","embeddable":true,"href":"http:\/\/hanskoetter.de\/index.php?rest_route=%2Fwp%2Fv2%2Fcategories&post=597"},{"taxonomy":"post_tag","embeddable":true,"href":"http:\/\/hanskoetter.de\/index.php?rest_route=%2Fwp%2Fv2%2Ftags&post=597"}],"curies":[{"name":"wp","href":"https:\/\/api.w.org\/{rel}","templated":true}]}}