{"id":309,"date":"2016-09-28T12:21:24","date_gmt":"2016-09-28T12:21:24","guid":{"rendered":"http:\/\/hanskoetter.de\/?p=309"},"modified":"2016-09-28T14:00:13","modified_gmt":"2016-09-28T14:00:13","slug":"auf-dem-weg-nach-sden-2","status":"publish","type":"post","link":"http:\/\/hanskoetter.de\/?p=309","title":{"rendered":"Auf dem Weg nach S&uuml;den?"},"content":{"rendered":"<p><a href=\"http:\/\/hanskoetter.de\/?attachment_id=310\"><img decoding=\"async\" data-attachment-id=\"310\" data-permalink=\"http:\/\/hanskoetter.de\/?attachment_id=310\" data-orig-file=\"https:\/\/i0.wp.com\/hanskoetter.de\/wp-content\/uploads\/2016\/09\/20160928_113542_resized1.jpg?fit=2448%2C1836\" data-orig-size=\"2448,1836\" data-comments-opened=\"1\" data-image-meta=\"{&quot;aperture&quot;:&quot;0&quot;,&quot;credit&quot;:&quot;&quot;,&quot;camera&quot;:&quot;&quot;,&quot;caption&quot;:&quot;&quot;,&quot;created_timestamp&quot;:&quot;0&quot;,&quot;copyright&quot;:&quot;&quot;,&quot;focal_length&quot;:&quot;0&quot;,&quot;iso&quot;:&quot;0&quot;,&quot;shutter_speed&quot;:&quot;0&quot;,&quot;title&quot;:&quot;&quot;,&quot;orientation&quot;:&quot;0&quot;}\" data-image-title=\"20160928_113542_resized1\" data-image-description=\"\" data-image-caption=\"\" data-medium-file=\"https:\/\/i0.wp.com\/hanskoetter.de\/wp-content\/uploads\/2016\/09\/20160928_113542_resized1.jpg?fit=300%2C225\" data-large-file=\"https:\/\/i0.wp.com\/hanskoetter.de\/wp-content\/uploads\/2016\/09\/20160928_113542_resized1.jpg?fit=590%2C443\" tabindex=\"0\" role=\"button\" src=\"https:\/\/i0.wp.com\/hanskoetter.de\/wp-content\/uploads\/2016\/09\/20160928_113542_resized1.jpg?resize=300%2C225\" alt=\"\" width=\"300 px\" height=\"225 px\" class=\"alignnone size-medium wp-image-310\" srcset=\"https:\/\/i0.wp.com\/hanskoetter.de\/wp-content\/uploads\/2016\/09\/20160928_113542_resized1.jpg?resize=300%2C225 300w, https:\/\/i0.wp.com\/hanskoetter.de\/wp-content\/uploads\/2016\/09\/20160928_113542_resized1.jpg?resize=1024%2C768 1024w, https:\/\/i0.wp.com\/hanskoetter.de\/wp-content\/uploads\/2016\/09\/20160928_113542_resized1.jpg?w=1180 1180w, https:\/\/i0.wp.com\/hanskoetter.de\/wp-content\/uploads\/2016\/09\/20160928_113542_resized1.jpg?w=1770 1770w\" sizes=\"(max-width: 300px) 100vw, 300px\" data-recalc-dims=\"1\" \/><\/a><br \/>Mit Eckernf\u00f6rde haben wir jetzt erstmal den n\u00f6rdlichsten Punkt an der Ostseek\u00fcste erreicht.<br \/>\nWeil wir bekanntlich am Donnerstag in die Werkstatt m\u00fcssen, sind wir nach S\u00fcden abgebogen.\u00a0<br \/>\n\u00dcber Neum\u00fcnster und Kaltenkirchen geht es nach Norderstedt.\u00a0<br \/>\nNeum\u00fcnster haben wir f\u00fcr einen Einkauf genutzt. \u00a0Dort gibt es ein Outletcenter von der Firma, die mittlerweile auch Ochtrup \u00fcbernommen hat.<br \/>\nDanke an Vanessa und Christoph f\u00fcr den Tipp mit dem Stahlwerk. War wirklich gut!\u00a0<br \/>\nUm m\u00f6glichst nah an Norderstedt zu kommen, \u00a0machen wir heute Station in Kaltenkirchen und haben erstmal 2 Stunden Entspannung im Thermalbad genossen.<\/p>\n","protected":false},"excerpt":{"rendered":"<p>Mit Eckernf\u00f6rde haben wir jetzt erstmal den n\u00f6rdlichsten Punkt an der Ostseek\u00fcste erreicht. Weil wir bekanntlich am Donnerstag in die Werkstatt m\u00fcssen, sind wir nach S\u00fcden abgebogen.\u00a0 \u00dcber Neum\u00fcnster und Kaltenkirchen geht es nach Norderstedt.\u00a0 Neum\u00fcnster haben wir f\u00fcr einen Einkauf genutzt. \u00a0Dort gibt es ein Outletcenter von der Firma, die mittlerweile auch Ochtrup \u00fcbernommen [&hellip;]<\/p>\n","protected":false},"author":1,"featured_media":310,"comment_status":"open","ping_status":"open","sticky":false,"template":"","format":"standard","meta":{"_jetpack_memberships_contains_paid_content":false,"footnotes":""},"categories":[3],"tags":[],"class_list":["post-309","post","type-post","status-publish","format-standard","has-post-thumbnail","hentry","category-reise-info"],"jetpack_sharing_enabled":true,"jetpack_featured_media_url":"https:\/\/i0.wp.com\/hanskoetter.de\/wp-content\/uploads\/2016\/09\/20160928_113542_resized1.jpg?fit=2448%2C1836","jetpack_shortlink":"https:\/\/wp.me\/p91k6F-4Z","_links":{"self":[{"href":"http:\/\/hanskoetter.de\/index.php?rest_route=\/wp\/v2\/posts\/309"}],"collection":[{"href":"http:\/\/hanskoetter.de\/index.php?rest_route=\/wp\/v2\/posts"}],"about":[{"href":"http:\/\/hanskoetter.de\/index.php?rest_route=\/wp\/v2\/types\/post"}],"author":[{"embeddable":true,"href":"http:\/\/hanskoetter.de\/index.php?rest_route=\/wp\/v2\/users\/1"}],"replies":[{"embeddable":true,"href":"http:\/\/hanskoetter.de\/index.php?rest_route=%2Fwp%2Fv2%2Fcomments&post=309"}],"version-history":[{"count":0,"href":"http:\/\/hanskoetter.de\/index.php?rest_route=\/wp\/v2\/posts\/309\/revisions"}],"wp:featuredmedia":[{"embeddable":true,"href":"http:\/\/hanskoetter.de\/index.php?rest_route=\/wp\/v2\/media\/310"}],"wp:attachment":[{"href":"http:\/\/hanskoetter.de\/index.php?rest_route=%2Fwp%2Fv2%2Fmedia&parent=309"}],"wp:term":[{"taxonomy":"category","embeddable":true,"href":"http:\/\/hanskoetter.de\/index.php?rest_route=%2Fwp%2Fv2%2Fcategories&post=309"},{"taxonomy":"post_tag","embeddable":true,"href":"http:\/\/hanskoetter.de\/index.php?rest_route=%2Fwp%2Fv2%2Ftags&post=309"}],"curies":[{"name":"wp","href":"https:\/\/api.w.org\/{rel}","templated":true}]}}