{"id":1696,"date":"2020-02-19T12:52:18","date_gmt":"2020-02-19T12:52:18","guid":{"rendered":"http:\/\/hanskoetter.de\/?p=1696"},"modified":"2020-02-20T13:49:52","modified_gmt":"2020-02-20T13:49:52","slug":"bei-sevilla-in-gelves","status":"publish","type":"post","link":"http:\/\/hanskoetter.de\/?p=1696","title":{"rendered":"Bei Sevilla in Gelves"},"content":{"rendered":"<p>Wir sind wieder in Spanien!!!<\/p>\n<p>Nach den sch\u00f6nen Tagen in Tavira hat es uns wieder Richtung Spanien,  Richtung Mittelmeer, Richtung Frankreich, Richtung Deutschland gezogen &#8211; mit anderen Worten &#8211; Wir sind einfach weitergefahren.<\/p>\n<p>Der erste Stellplatz in Almensilla entpuppt sich als Tankstelle mit Entsorgung, nem kleinen Restaurant und sonst nichts. Kurz vor Sevilla liegt noch Gelves am Guadalquivir. Ein kleiner Hafen aber mit Stellplatz f\u00fcr Wohnmobile &#8211; Preis f\u00fcr \u00dcbernachtung in der N\u00e4he von Sevilla mit 12,10 ist OK. Und die Nachbarschaft zu Sevilla sorgt f\u00fcr einen guten Umsatz.<\/p>\n<p>Aber die Geb\u00e4ude sind schon in die Jahre gekommen. Sch\u00f6n auf den ersten Blick und nicht aufs Detail achten.<\/p>\n<p>Da wir bekanntlich nicht \u00fcbertrieben viel fahren sind wir heute in Osuna angekommen. Unterwegs ist das 2. Bild von einem Antennenwald entstanden. \u00dcber die Autobahn war das recht einfach zu erreichen und die Landschaft ist schon etwas anderes. Oft grosse flache Gegend mit viel Olivenhainen auch sehr oft neue Anpflanzungen.<\/p>\n<div class=\"postie-attachments\">\n<p><a href=\"http:\/\/hanskoetter.de\/?attachment_id=1698\"><img decoding=\"async\" data-attachment-id=\"1698\" data-permalink=\"http:\/\/hanskoetter.de\/?attachment_id=1698\" data-orig-file=\"https:\/\/i0.wp.com\/hanskoetter.de\/wp-content\/uploads\/2020\/02\/IMG_20200219_132936_resized_20200219_015218748.jpg?fit=1728%2C634\" data-orig-size=\"1728,634\" data-comments-opened=\"1\" data-image-meta=\"{&quot;aperture&quot;:&quot;0&quot;,&quot;credit&quot;:&quot;&quot;,&quot;camera&quot;:&quot;&quot;,&quot;caption&quot;:&quot;&quot;,&quot;created_timestamp&quot;:&quot;0&quot;,&quot;copyright&quot;:&quot;&quot;,&quot;focal_length&quot;:&quot;0&quot;,&quot;iso&quot;:&quot;0&quot;,&quot;shutter_speed&quot;:&quot;0&quot;,&quot;title&quot;:&quot;&quot;,&quot;orientation&quot;:&quot;0&quot;}\" data-image-title=\"IMG_20200219_132936_resized_20200219_015218748.jpg\" data-image-description=\"\" data-image-caption=\"\" data-medium-file=\"https:\/\/i0.wp.com\/hanskoetter.de\/wp-content\/uploads\/2020\/02\/IMG_20200219_132936_resized_20200219_015218748.jpg?fit=300%2C110\" data-large-file=\"https:\/\/i0.wp.com\/hanskoetter.de\/wp-content\/uploads\/2020\/02\/IMG_20200219_132936_resized_20200219_015218748.jpg?fit=590%2C217\" tabindex=\"0\" role=\"button\" src=\"https:\/\/i0.wp.com\/hanskoetter.de\/wp-content\/uploads\/2020\/02\/IMG_20200219_132936_resized_20200219_015218748.jpg?fit=300%2C110\" alt=\"\" width=\"600px\" height=\"220px\" class=\"alignnone size-medium wp-image-1698\" srcset=\"https:\/\/i0.wp.com\/hanskoetter.de\/wp-content\/uploads\/2020\/02\/IMG_20200219_132936_resized_20200219_015218748.jpg?w=1728 1728w, https:\/\/i0.wp.com\/hanskoetter.de\/wp-content\/uploads\/2020\/02\/IMG_20200219_132936_resized_20200219_015218748.jpg?resize=300%2C110 300w, https:\/\/i0.wp.com\/hanskoetter.de\/wp-content\/uploads\/2020\/02\/IMG_20200219_132936_resized_20200219_015218748.jpg?resize=1024%2C376 1024w, https:\/\/i0.wp.com\/hanskoetter.de\/wp-content\/uploads\/2020\/02\/IMG_20200219_132936_resized_20200219_015218748.jpg?resize=768%2C282 768w, https:\/\/i0.wp.com\/hanskoetter.de\/wp-content\/uploads\/2020\/02\/IMG_20200219_132936_resized_20200219_015218748.jpg?resize=1536%2C564 1536w, https:\/\/i0.wp.com\/hanskoetter.de\/wp-content\/uploads\/2020\/02\/IMG_20200219_132936_resized_20200219_015218748.jpg?w=1180 1180w\" sizes=\"(max-width: 590px) 100vw, 590px\" \/><\/a><\/p>\n<\/div>\n","protected":false},"excerpt":{"rendered":"<p>Wir sind wieder in Spanien!!! Nach den sch\u00f6nen Tagen in Tavira hat es uns wieder Richtung Spanien, Richtung Mittelmeer, Richtung Frankreich, Richtung Deutschland gezogen &#8211; mit anderen Worten &#8211; Wir sind einfach weitergefahren. Der erste Stellplatz in Almensilla entpuppt sich als Tankstelle mit Entsorgung, nem kleinen Restaurant und sonst nichts. Kurz vor Sevilla liegt noch [&hellip;]<\/p>\n","protected":false},"author":1,"featured_media":1697,"comment_status":"open","ping_status":"closed","sticky":false,"template":"","format":"standard","meta":{"_jetpack_memberships_contains_paid_content":false,"footnotes":""},"categories":[3],"tags":[],"class_list":["post-1696","post","type-post","status-publish","format-standard","has-post-thumbnail","hentry","category-reise-info"],"jetpack_sharing_enabled":true,"jetpack_featured_media_url":"https:\/\/i0.wp.com\/hanskoetter.de\/wp-content\/uploads\/2020\/02\/IMG_20200219_133023_resized_20200219_015218327.jpg?fit=2080%2C1074","jetpack_shortlink":"https:\/\/wp.me\/p91k6F-rm","_links":{"self":[{"href":"http:\/\/hanskoetter.de\/index.php?rest_route=\/wp\/v2\/posts\/1696"}],"collection":[{"href":"http:\/\/hanskoetter.de\/index.php?rest_route=\/wp\/v2\/posts"}],"about":[{"href":"http:\/\/hanskoetter.de\/index.php?rest_route=\/wp\/v2\/types\/post"}],"author":[{"embeddable":true,"href":"http:\/\/hanskoetter.de\/index.php?rest_route=\/wp\/v2\/users\/1"}],"replies":[{"embeddable":true,"href":"http:\/\/hanskoetter.de\/index.php?rest_route=%2Fwp%2Fv2%2Fcomments&post=1696"}],"version-history":[{"count":2,"href":"http:\/\/hanskoetter.de\/index.php?rest_route=\/wp\/v2\/posts\/1696\/revisions"}],"predecessor-version":[{"id":1700,"href":"http:\/\/hanskoetter.de\/index.php?rest_route=\/wp\/v2\/posts\/1696\/revisions\/1700"}],"wp:featuredmedia":[{"embeddable":true,"href":"http:\/\/hanskoetter.de\/index.php?rest_route=\/wp\/v2\/media\/1697"}],"wp:attachment":[{"href":"http:\/\/hanskoetter.de\/index.php?rest_route=%2Fwp%2Fv2%2Fmedia&parent=1696"}],"wp:term":[{"taxonomy":"category","embeddable":true,"href":"http:\/\/hanskoetter.de\/index.php?rest_route=%2Fwp%2Fv2%2Fcategories&post=1696"},{"taxonomy":"post_tag","embeddable":true,"href":"http:\/\/hanskoetter.de\/index.php?rest_route=%2Fwp%2Fv2%2Ftags&post=1696"}],"curies":[{"name":"wp","href":"https:\/\/api.w.org\/{rel}","templated":true}]}}