{"id":1563,"date":"2019-10-19T16:16:03","date_gmt":"2019-10-19T16:16:03","guid":{"rendered":"http:\/\/hanskoetter.de\/?p=1563"},"modified":"2019-10-19T20:32:44","modified_gmt":"2019-10-19T20:32:44","slug":"dnemark-und-zurck-in-deutschland","status":"publish","type":"post","link":"http:\/\/hanskoetter.de\/?p=1563","title":{"rendered":"D\u00e4nemark und zur\u00fcck in Deutschland"},"content":{"rendered":"<p>So, nach einer l\u00e4ngeren Schreibblockade kommt endlich wieder eine Info \u00fcber uns.<\/p>\n<p>Mit dem ganzen Hin und Her mit dem Strassenverkehrsamt und vielen Termine in und um D\u00fclmen waren wir kr\u00e4ftig ausgelastet und jetzt bereiten wir uns auf die n\u00e4chste Tour vor.<\/p>\n<p>Also, unser Strassenverkehrsamt hier im Kreis Coesfeld hat nach einem Jahr auch endlich akzeptiert das es einen Paragraphen in der Fahrzeugzulassungsverordnung gibt, der uns Nomaden, Dauerfahrer oder auch im Wohnmobil Lebenden die M\u00f6glichkeit zur Anmeldung von Fahrzeugen gibt. \u00a746 Abs. 2 Satz 2 f\u00fcr die Interessierten!<\/p>\n<p>Aber dann die Versicherung. Nicht jede kann oder will einen &#8218;abweichenden Halter&#8216; und dann auch noch ohne festen Wohnsitz aufnehmen. Die 7. Versicherung hat es dann gemacht. <\/p>\n<p>Roller und Anh\u00e4nger sind startklar! Und in den Fahrzeugpapieren steht jetzt genauso wie im Personalausweis &#8218;keine Wohnung in Deutschland&#8216;.<\/p>\n<p>Das Bild oben ist noch eine Strandaufnahme von R\u00f6m\u00f6. Parken auf dem Strand kein Problem, allerdings kamen abends die meisten zur\u00fcck auf den Stellplatz. Wir haben die Tour mit dem Rad gemacht, anstrengend aber machbar. <\/p>\n<p>F\u00fcr Wohnmobile ist die Insel sowieso die einzige M\u00f6glichkeit mit dem Fahrzeug nach Sylt zu kommen, wir haben das Auto aber stehen lassen und sind dann mit dem Rad bis Westerland gefahren. Sch\u00f6ne Insel! <\/p>\n<p>Jetzt nur noch eine kurze Zusammenfassung \u00fcber welche St\u00e4dte wir dann bis D\u00fclmen gefahren sind. <\/p>\n<p>Nieb\u00fcll &#8211; erste Mal wieder Bargeld benutzt &#8211; lecker gegessen im Wattwurm<br \/>Friedrichstadt &#8211; sehenswerte Stadt<br \/>Rendsburg &#8211; am NOK Schiffe gucken. Leider unsere Bekannten aus Spanien nicht getroffen<br \/>Wedel &#8211; Schiffsbegr\u00fcssungsanlage<br \/>Celle &#8211; neuer Stellplatz komplett ausgebucht wieder auf dem gro\u00dfen Platz<br \/>Braunschweig &#8211; mit Altstadtfest und Livemusik<br \/>Bad Detfurth &#8211; gut zum Radfahren<br \/>Holzminden &#8211; an der Weser viel Leerstand &#8211; kommt uns ein Paar entgegen &#8211; auf die Frage &#8222;Wart Ihr vor zwei Jahren in Troms\u00f6?&#8220; kam sofort die Antwort &#8222;Unsere Weltenbummler&#8220;<br \/>Bad Westernkotten &#8211; mal wieder ins Thermalbad<br \/>Soest &#8211; nur ein paar Meter bis zu einer netten Tapasbar &#8211; nur mit Reservierung sinnvoll<br \/>Billerbeck &#8211; komplett ent- und versorgen bevor es nach D\u00fclmen geht zur ersten Geburtstagsfeier.<\/p>\n<p>Und zwischen drin mal M\u00fcnster, Borken und Coesfeld.<\/p>\n","protected":false},"excerpt":{"rendered":"<p>So, nach einer l\u00e4ngeren Schreibblockade kommt endlich wieder eine Info \u00fcber uns. Mit dem ganzen Hin und Her mit dem Strassenverkehrsamt und vielen Termine in und um D\u00fclmen waren wir kr\u00e4ftig ausgelastet und jetzt bereiten wir uns auf die n\u00e4chste Tour vor. Also, unser Strassenverkehrsamt hier im Kreis Coesfeld hat nach einem Jahr auch endlich [&hellip;]<\/p>\n","protected":false},"author":1,"featured_media":1564,"comment_status":"open","ping_status":"closed","sticky":false,"template":"","format":"standard","meta":{"_jetpack_memberships_contains_paid_content":false,"footnotes":""},"categories":[3],"tags":[],"class_list":["post-1563","post","type-post","status-publish","format-standard","has-post-thumbnail","hentry","category-reise-info"],"jetpack_sharing_enabled":true,"jetpack_featured_media_url":"https:\/\/i0.wp.com\/hanskoetter.de\/wp-content\/uploads\/2019\/10\/IMG_20190823_175641_resized_20191019_061602879.jpg?fit=2016%2C980","jetpack_shortlink":"https:\/\/wp.me\/p91k6F-pd","_links":{"self":[{"href":"http:\/\/hanskoetter.de\/index.php?rest_route=\/wp\/v2\/posts\/1563"}],"collection":[{"href":"http:\/\/hanskoetter.de\/index.php?rest_route=\/wp\/v2\/posts"}],"about":[{"href":"http:\/\/hanskoetter.de\/index.php?rest_route=\/wp\/v2\/types\/post"}],"author":[{"embeddable":true,"href":"http:\/\/hanskoetter.de\/index.php?rest_route=\/wp\/v2\/users\/1"}],"replies":[{"embeddable":true,"href":"http:\/\/hanskoetter.de\/index.php?rest_route=%2Fwp%2Fv2%2Fcomments&post=1563"}],"version-history":[{"count":2,"href":"http:\/\/hanskoetter.de\/index.php?rest_route=\/wp\/v2\/posts\/1563\/revisions"}],"predecessor-version":[{"id":1566,"href":"http:\/\/hanskoetter.de\/index.php?rest_route=\/wp\/v2\/posts\/1563\/revisions\/1566"}],"wp:featuredmedia":[{"embeddable":true,"href":"http:\/\/hanskoetter.de\/index.php?rest_route=\/wp\/v2\/media\/1564"}],"wp:attachment":[{"href":"http:\/\/hanskoetter.de\/index.php?rest_route=%2Fwp%2Fv2%2Fmedia&parent=1563"}],"wp:term":[{"taxonomy":"category","embeddable":true,"href":"http:\/\/hanskoetter.de\/index.php?rest_route=%2Fwp%2Fv2%2Fcategories&post=1563"},{"taxonomy":"post_tag","embeddable":true,"href":"http:\/\/hanskoetter.de\/index.php?rest_route=%2Fwp%2Fv2%2Ftags&post=1563"}],"curies":[{"name":"wp","href":"https:\/\/api.w.org\/{rel}","templated":true}]}}